{"id":1100,"date":"2023-10-01T21:56:15","date_gmt":"2023-10-01T21:56:15","guid":{"rendered":"https:\/\/www.matematikazavsicki.com\/tr\/?p=1100"},"modified":"2023-10-01T21:56:16","modified_gmt":"2023-10-01T21:56:16","slug":"grafik-gecen-sure-zaman","status":"publish","type":"post","link":"https:\/\/www.matematikazavsicki.com\/tr\/grafik-gecen-sure-zaman\/","title":{"rendered":"Grafik Ge\u00e7en S\u00fcre &#8211; Zaman"},"content":{"rendered":"\n<p>Ge\u00e7en zaman grafi\u011fi &#8211; zaman, belirli bir hareket s\u0131ras\u0131nda ge\u00e7en zaman\u0131n zamana ba\u011f\u0131ml\u0131l\u0131\u011f\u0131n\u0131 g\u00f6steren grafiktir. Grafi\u011fin kendisi, katedilen yolun uzunlu\u011funun zamandaki de\u011fi\u015fime ba\u011fl\u0131 olarak nas\u0131l de\u011fi\u015fti\u011fini a\u00e7\u0131k\u00e7a g\u00f6stermeyi ama\u00e7lamaktad\u0131r.<\/p>\n\n\n\n<p>A\u015fa\u011f\u0131daki video, h\u0131zland\u0131r\u0131lm\u0131\u015f grafikteki bir tablodan verilen verilerin nas\u0131l girilece\u011fini a\u00e7\u0131k\u00e7a g\u00f6stermektedir. Bir grafikten veri \u00e7\u0131karmak ve v\u00fccudun ne kadar h\u0131zl\u0131 hareket etti\u011fini (hareketleri grafi\u011fin kendisinde temsil edilen) hesaplamak da m\u00fcmk\u00fcnd\u00fcr. H\u0131z\u0131 yaln\u0131zca grafi\u011fin kendisindeki noktalarla temsil edilen belirli zaman aral\u0131klar\u0131nda hesaplamak m\u00fcmk\u00fcnd\u00fcr.<\/p>\n\n\n<div class=\"wp-block-image\">\n<figure class=\"aligncenter size-full\"><img loading=\"lazy\" decoding=\"async\" width=\"526\" height=\"315\" src=\"https:\/\/www.matematikazavsicki.com\/tr\/wp-content\/uploads\/2023\/10\/Grafik-Gecen-Sure-Zaman.jpg\" alt=\"Grafik Ge\u00e7en S\u00fcre - Zaman\" class=\"wp-image-1107\" srcset=\"https:\/\/www.matematikazavsicki.com\/tr\/wp-content\/uploads\/2023\/10\/Grafik-Gecen-Sure-Zaman.jpg 526w, https:\/\/www.matematikazavsicki.com\/tr\/wp-content\/uploads\/2023\/10\/Grafik-Gecen-Sure-Zaman-300x180.jpg 300w\" sizes=\"auto, (max-width: 526px) 100vw, 526px\" \/><\/figure>\n<\/div>\n\n\n<h2 class=\"wp-block-heading\">H\u0131zland\u0131r\u0131lm\u0131\u015f Grafik Olu\u015fturma Kurallar\u0131<\/h2>\n\n\n\n<p>H\u0131zland\u0131r\u0131lm\u0131\u015f grafik olu\u015ftururken veriler genellikle bir tablodan al\u0131n\u0131r. Yolculu\u011fun uzunlu\u011fu ve s\u00fcresine ili\u015fkin verileri i\u00e7erir. Tabloda ayr\u0131ca yolculu\u011fun uzunlu\u011fu ve s\u00fcresine ili\u015fkin \u00f6l\u00e7\u00fcmler de yer al\u0131yor. T\u00fcm bu verilerin tablodan grafi\u011fe aktar\u0131lmas\u0131 gerekir.<\/p>\n\n\n\n<p>Verileri aktar\u0131rken a\u015fa\u011f\u0131daki kurallara uyulmal\u0131d\u0131r:<\/p>\n\n\n\n<ul class=\"wp-block-list\">\n<li>Koordinat <a href=\"https:\/\/tr.wikipedia.org\/wiki\/K%C3%BCresel_koordinat_sistemi\">eksenleri<\/a> 90 derecelik bir a\u00e7\u0131yla olu\u015fturulur ve koordinat\u0131n ba\u015flang\u0131\u00e7 \u200b\u200bnoktas\u0131 i\u015faretlenir<\/li>\n\n\n\n<li>X ekseni (yatay eksen), t s\u00fcresine ait verileri kaydeder. Y ekseninde (dikey eksen), kat edilen mesafe s&#8217;ye ili\u015fkin veriler kaydedilir. Fiziksel b\u00fcy\u00fckl\u00fcklerin etiketlerinin yan\u0131 s\u0131ra sa\u011f tarafta parantez i\u00e7inde \u00f6l\u00e7\u00fcleri de yaz\u0131l\u0131r.<\/li>\n\n\n\n<li>Tablodaki verileri en iyi temsil edecek uygun say\u0131sal de\u011ferler uygun \u00f6l\u00e7ekle se\u00e7ilir.<\/li>\n\n\n\n<li>Veriler girilir ve ge\u00e7en zaman \u2013 zaman grafi\u011finin kendisi i\u015faretlenir.<\/li>\n<\/ul>\n\n\n\n<h3 class=\"wp-block-heading\">Grafikten H\u0131z Hesaplama<\/h3>\n\n\n\n<p>Elimizde eksiksiz bir grafik varsa, hareketin herhangi bir an\u0131 i\u00e7in ondan veriler \u00e7\u0131kar\u0131labilir. Ayr\u0131ca bu verilerle h\u0131z\u0131 (veya ortalama h\u0131z\u0131) hesaplayabilirsiniz. V\u00fccudun belirli bir aral\u0131kta veya t\u00fcm yolculuk boyunca hareket etme h\u0131z\u0131d\u0131r.<\/p>\n\n\n\n<p>Hesaplama s\u0131ras\u0131nda hareketin h\u0131z\u0131yla ilgilenmedi\u011fimiz aral\u0131\u011f\u0131n ba\u015flang\u0131c\u0131n\u0131 ve sonunu i\u015faretledi\u011fimiz noktalara g\u00f6re ayarlad\u0131\u011f\u0131m\u0131z bir form\u00fcl kullan\u0131l\u0131r. \u0130lk noktay\u0131 P ve son noktay\u0131 K ile i\u015faretlersek, P&#8217;den K&#8217;ye kadar bir aral\u0131ktaki h\u0131z\u0131 hesaplama form\u00fcl\u00fc \u015f\u00f6yle olacakt\u0131r:<\/p>\n\n\n<div class=\"wp-block-image\">\n<figure class=\"aligncenter size-full is-resized\"><img loading=\"lazy\" decoding=\"async\" src=\"https:\/\/www.matematikazavsicki.com\/tr\/wp-content\/uploads\/2023\/10\/Grafikten-hiz-hesaplama.jpg\" alt=\"Grafikten h\u0131z hesaplama\" class=\"wp-image-1109\" style=\"width:192px;height:98px\" width=\"192\" height=\"98\" srcset=\"https:\/\/www.matematikazavsicki.com\/tr\/wp-content\/uploads\/2023\/10\/Grafikten-hiz-hesaplama.jpg 500w, https:\/\/www.matematikazavsicki.com\/tr\/wp-content\/uploads\/2023\/10\/Grafikten-hiz-hesaplama-300x153.jpg 300w\" sizes=\"auto, (max-width: 192px) 100vw, 192px\" \/><\/figure>\n<\/div>\n\n\n<p>Buradan, P&#8217;den K&#8217;ye kadar olan aral\u0131ktaki h\u0131z\u0131n, son ve ba\u015flang\u0131\u00e7 \u200b\u200bdurumunda kat edilen mesafe ile son ve ba\u015flang\u0131\u00e7 \u200b\u200bdurumundaki zaman aras\u0131ndaki fark aras\u0131ndaki b\u00f6l\u00fcm oldu\u011fu a\u00e7\u0131k\u00e7a g\u00f6r\u00fclmektedir. Yukar\u0131daki videoyu izleyin. Mesafe-zaman grafi\u011finden h\u0131z\u0131 hesaplamak i\u00e7in \u00e7\u00f6z\u00fclm\u00fc\u015f \u00f6rnekler i\u00e7erir.<\/p>\n\n\n\n<hr class=\"wp-block-separator has-css-opacity\"\/>\n\n\n<form role=\"search\" method=\"get\" action=\"https:\/\/www.matematikazavsicki.com\/tr\/\" class=\"wp-block-search__button-outside wp-block-search__icon-button wp-block-search\"    ><label class=\"wp-block-search__label\" for=\"wp-block-search__input-1\" >Gerekli malzemeyi kolayca bulun! A\u015fa\u011f\u0131daki pencereye matematik terimini girin ve aray\u0131n!<\/label><div class=\"wp-block-search__inside-wrapper\" ><input class=\"wp-block-search__input\" id=\"wp-block-search__input-1\" placeholder=\"Ne \u00e7al\u0131\u015fmak istiyorsun?\" value=\"\" type=\"search\" name=\"s\" required \/><button aria-label=\"Search\" class=\"wp-block-search__button has-icon wp-element-button\" type=\"submit\" ><svg class=\"search-icon\" viewBox=\"0 0 24 24\" width=\"24\" height=\"24\">\n\t\t\t\t\t<path d=\"M13 5c-3.3 0-6 2.7-6 6 0 1.4.5 2.7 1.3 3.7l-3.8 3.8 1.1 1.1 3.8-3.8c1 .8 2.3 1.3 3.7 1.3 3.3 0 6-2.7 6-6S16.3 5 13 5zm0 10.5c-2.5 0-4.5-2-4.5-4.5s2-4.5 4.5-4.5 4.5 2 4.5 4.5-2 4.5-4.5 4.5z\"><\/path>\n\t\t\t\t<\/svg><\/button><\/div><\/form>\n\n\n<hr class=\"wp-block-separator has-css-opacity\"\/>\n\n\n\n<p>www.mathematikazavsicki.com\/tr\/&#8217;u takip edin!<\/p>\n\n\n\n<p>www.matematikazavsicki.com\/tr\/&#8217;un Facebook, Instagram, Twitter ve Youtube profillerine a\u015fa\u011f\u0131daki butonlar\u0131 kullanarak ba\u011flanarak gelecekte yay\u0131nlanacak bilgi ve materyalleri takip edebilirsiniz.<\/p>\n\n\n\n<div class=\"wp-block-wpzoom-blocks-social-icons is-style-with-canvas-round\" style=\"--wpz-social-icons-block-item-font-size:65px;--wpz-social-icons-block-item-padding-horizontal:6px;--wpz-social-icons-block-item-padding-vertical:6px;--wpz-social-icons-block-item-margin-horizontal:5px;--wpz-social-icons-block-item-margin-vertical:5px;--wpz-social-icons-block-item-border-radius:50px;--wpz-social-icons-block-label-font-size:16px;--wpz-social-icons-block-label-color:#2e3131;--wpz-social-icons-block-label-color-hover:#2e3131;--wpz-social-icons-alignment:center\"><a href=\"https:\/\/www.facebook.com\/matematikazasite\" class=\"social-icon-link\" title=\"Facebook\" style=\"--wpz-social-icons-block-item-color:#1877F2;--wpz-social-icons-block-item-color-hover:#1877F2\"><span class=\"social-icon socicon socicon-facebook\"><\/span><\/a><a href=\"https:\/\/twitter.com\/sr89BgRn0zh5VpL\" class=\"social-icon-link\" title=\"Twitter\" style=\"--wpz-social-icons-block-item-color:#1da1f2;--wpz-social-icons-block-item-color-hover:#1da1f2\"><span class=\"social-icon socicon socicon-twitter\"><\/span><\/a><a href=\"https:\/\/www.instagram.com\/matematikazasite\/\" class=\"social-icon-link\" title=\"Instagram\" style=\"--wpz-social-icons-block-item-color:#E4405F;--wpz-social-icons-block-item-color-hover:#E4405F\"><span class=\"social-icon socicon socicon-instagram\"><\/span><\/a><\/div>\n","protected":false},"excerpt":{"rendered":"<p>Ge\u00e7en zaman grafi\u011fi &#8211; zaman, belirli bir hareket s\u0131ras\u0131nda ge\u00e7en zaman\u0131n zamana ba\u011f\u0131ml\u0131l\u0131\u011f\u0131n\u0131 g\u00f6steren grafiktir. Grafi\u011fin kendisi, katedilen yolun uzunlu\u011funun zamandaki de\u011fi\u015fime ba\u011fl\u0131 olarak nas\u0131l de\u011fi\u015fti\u011fini a\u00e7\u0131k\u00e7a g\u00f6stermeyi ama\u00e7lamaktad\u0131r. A\u015fa\u011f\u0131daki [&hellip;]<\/p>\n","protected":false},"author":1,"featured_media":1107,"comment_status":"open","ping_status":"open","sticky":false,"template":"","format":"standard","meta":{"footnotes":""},"categories":[132,133,5,6,14],"tags":[328,327,329,61],"class_list":["post-1100","post","type-post","status-publish","format-standard","has-post-thumbnail","hentry","category-10-sinif-matematik","category-11-sinif-matematik","category-8-sinif-matematik","category-9-sinif-matematik","category-fizik","tag-gecen","tag-grafik","tag-sure","tag-zaman"],"yoast_head":"<!-- This site is optimized with the Yoast SEO plugin v26.5 - https:\/\/yoast.com\/wordpress\/plugins\/seo\/ -->\n<title>Grafik Ge\u00e7en S\u00fcre - Zaman<\/title>\n<meta name=\"robots\" content=\"index, follow, max-snippet:-1, max-image-preview:large, max-video-preview:-1\" \/>\n<link rel=\"canonical\" href=\"https:\/\/www.matematikazavsicki.com\/tr\/grafik-gecen-sure-zaman\/\" \/>\n<meta property=\"og:locale\" content=\"en_US\" \/>\n<meta property=\"og:type\" content=\"article\" \/>\n<meta property=\"og:title\" content=\"Grafik Ge\u00e7en S\u00fcre - Zaman\" \/>\n<meta property=\"og:description\" content=\"Ge\u00e7en zaman grafi\u011fi &#8211; zaman, belirli bir hareket s\u0131ras\u0131nda ge\u00e7en zaman\u0131n zamana ba\u011f\u0131ml\u0131l\u0131\u011f\u0131n\u0131 g\u00f6steren grafiktir. Grafi\u011fin kendisi, katedilen yolun uzunlu\u011funun zamandaki de\u011fi\u015fime ba\u011fl\u0131 olarak nas\u0131l de\u011fi\u015fti\u011fini a\u00e7\u0131k\u00e7a g\u00f6stermeyi ama\u00e7lamaktad\u0131r. A\u015fa\u011f\u0131daki [&hellip;]\" \/>\n<meta property=\"og:url\" content=\"https:\/\/www.matematikazavsicki.com\/tr\/grafik-gecen-sure-zaman\/\" \/>\n<meta property=\"og:site_name\" content=\"Matematik\" \/>\n<meta property=\"article:published_time\" content=\"2023-10-01T21:56:15+00:00\" \/>\n<meta property=\"article:modified_time\" content=\"2023-10-01T21:56:16+00:00\" \/>\n<meta property=\"og:image\" content=\"https:\/\/www.matematikazavsicki.com\/tr\/wp-content\/uploads\/2023\/10\/Grafik-Gecen-Sure-Zaman.jpg\" \/>\n\t<meta property=\"og:image:width\" content=\"526\" \/>\n\t<meta property=\"og:image:height\" content=\"315\" \/>\n\t<meta property=\"og:image:type\" content=\"image\/jpeg\" \/>\n<meta name=\"author\" content=\"Blaze Angelov\" \/>\n<meta name=\"twitter:card\" content=\"summary_large_image\" \/>\n<meta name=\"twitter:label1\" content=\"Written by\" \/>\n\t<meta name=\"twitter:data1\" content=\"Blaze Angelov\" \/>\n\t<meta name=\"twitter:label2\" content=\"Est. reading time\" \/>\n\t<meta name=\"twitter:data2\" content=\"2 minutes\" \/>\n<script type=\"application\/ld+json\" class=\"yoast-schema-graph\">{\"@context\":\"https:\/\/schema.org\",\"@graph\":[{\"@type\":\"WebPage\",\"@id\":\"https:\/\/www.matematikazavsicki.com\/tr\/grafik-gecen-sure-zaman\/\",\"url\":\"https:\/\/www.matematikazavsicki.com\/tr\/grafik-gecen-sure-zaman\/\",\"name\":\"Grafik Ge\u00e7en S\u00fcre - Zaman\",\"isPartOf\":{\"@id\":\"https:\/\/www.matematikazavsicki.com\/tr\/#website\"},\"primaryImageOfPage\":{\"@id\":\"https:\/\/www.matematikazavsicki.com\/tr\/grafik-gecen-sure-zaman\/#primaryimage\"},\"image\":{\"@id\":\"https:\/\/www.matematikazavsicki.com\/tr\/grafik-gecen-sure-zaman\/#primaryimage\"},\"thumbnailUrl\":\"https:\/\/www.matematikazavsicki.com\/tr\/wp-content\/uploads\/2023\/10\/Grafik-Gecen-Sure-Zaman.jpg\",\"datePublished\":\"2023-10-01T21:56:15+00:00\",\"dateModified\":\"2023-10-01T21:56:16+00:00\",\"author\":{\"@id\":\"https:\/\/www.matematikazavsicki.com\/tr\/#\/schema\/person\/c0511828591bd00433a95b3155f1b471\"},\"breadcrumb\":{\"@id\":\"https:\/\/www.matematikazavsicki.com\/tr\/grafik-gecen-sure-zaman\/#breadcrumb\"},\"inLanguage\":\"en-US\",\"potentialAction\":[{\"@type\":\"ReadAction\",\"target\":[\"https:\/\/www.matematikazavsicki.com\/tr\/grafik-gecen-sure-zaman\/\"]}]},{\"@type\":\"ImageObject\",\"inLanguage\":\"en-US\",\"@id\":\"https:\/\/www.matematikazavsicki.com\/tr\/grafik-gecen-sure-zaman\/#primaryimage\",\"url\":\"https:\/\/www.matematikazavsicki.com\/tr\/wp-content\/uploads\/2023\/10\/Grafik-Gecen-Sure-Zaman.jpg\",\"contentUrl\":\"https:\/\/www.matematikazavsicki.com\/tr\/wp-content\/uploads\/2023\/10\/Grafik-Gecen-Sure-Zaman.jpg\",\"width\":526,\"height\":315,\"caption\":\"Grafik Ge\u00e7en S\u00fcre - Zaman\"},{\"@type\":\"BreadcrumbList\",\"@id\":\"https:\/\/www.matematikazavsicki.com\/tr\/grafik-gecen-sure-zaman\/#breadcrumb\",\"itemListElement\":[{\"@type\":\"ListItem\",\"position\":1,\"name\":\"Home\",\"item\":\"https:\/\/www.matematikazavsicki.com\/tr\/\"},{\"@type\":\"ListItem\",\"position\":2,\"name\":\"Grafik Ge\u00e7en S\u00fcre &#8211; Zaman\"}]},{\"@type\":\"WebSite\",\"@id\":\"https:\/\/www.matematikazavsicki.com\/tr\/#website\",\"url\":\"https:\/\/www.matematikazavsicki.com\/tr\/\",\"name\":\"Matematik\",\"description\":\"\",\"potentialAction\":[{\"@type\":\"SearchAction\",\"target\":{\"@type\":\"EntryPoint\",\"urlTemplate\":\"https:\/\/www.matematikazavsicki.com\/tr\/?s={search_term_string}\"},\"query-input\":{\"@type\":\"PropertyValueSpecification\",\"valueRequired\":true,\"valueName\":\"search_term_string\"}}],\"inLanguage\":\"en-US\"},{\"@type\":\"Person\",\"@id\":\"https:\/\/www.matematikazavsicki.com\/tr\/#\/schema\/person\/c0511828591bd00433a95b3155f1b471\",\"name\":\"Blaze Angelov\",\"image\":{\"@type\":\"ImageObject\",\"inLanguage\":\"en-US\",\"@id\":\"https:\/\/www.matematikazavsicki.com\/tr\/#\/schema\/person\/image\/\",\"url\":\"https:\/\/secure.gravatar.com\/avatar\/1a6244e6f81fd50df6172cc11c7bafcdc0c79080dc8fbf4f2f195abd437af8d0?s=96&d=mm&r=g\",\"contentUrl\":\"https:\/\/secure.gravatar.com\/avatar\/1a6244e6f81fd50df6172cc11c7bafcdc0c79080dc8fbf4f2f195abd437af8d0?s=96&d=mm&r=g\",\"caption\":\"Blaze Angelov\"},\"sameAs\":[\"http:\/\/matematikazavsicki.com\/tr\"],\"url\":\"https:\/\/www.matematikazavsicki.com\/tr\/author\/matematik\/\"}]}<\/script>\n<!-- \/ Yoast SEO plugin. -->","yoast_head_json":{"title":"Grafik Ge\u00e7en S\u00fcre - Zaman","robots":{"index":"index","follow":"follow","max-snippet":"max-snippet:-1","max-image-preview":"max-image-preview:large","max-video-preview":"max-video-preview:-1"},"canonical":"https:\/\/www.matematikazavsicki.com\/tr\/grafik-gecen-sure-zaman\/","og_locale":"en_US","og_type":"article","og_title":"Grafik Ge\u00e7en S\u00fcre - Zaman","og_description":"Ge\u00e7en zaman grafi\u011fi &#8211; zaman, belirli bir hareket s\u0131ras\u0131nda ge\u00e7en zaman\u0131n zamana ba\u011f\u0131ml\u0131l\u0131\u011f\u0131n\u0131 g\u00f6steren grafiktir. Grafi\u011fin kendisi, katedilen yolun uzunlu\u011funun zamandaki de\u011fi\u015fime ba\u011fl\u0131 olarak nas\u0131l de\u011fi\u015fti\u011fini a\u00e7\u0131k\u00e7a g\u00f6stermeyi ama\u00e7lamaktad\u0131r. A\u015fa\u011f\u0131daki [&hellip;]","og_url":"https:\/\/www.matematikazavsicki.com\/tr\/grafik-gecen-sure-zaman\/","og_site_name":"Matematik","article_published_time":"2023-10-01T21:56:15+00:00","article_modified_time":"2023-10-01T21:56:16+00:00","og_image":[{"width":526,"height":315,"url":"https:\/\/www.matematikazavsicki.com\/tr\/wp-content\/uploads\/2023\/10\/Grafik-Gecen-Sure-Zaman.jpg","type":"image\/jpeg"}],"author":"Blaze Angelov","twitter_card":"summary_large_image","twitter_misc":{"Written by":"Blaze Angelov","Est. reading time":"2 minutes"},"schema":{"@context":"https:\/\/schema.org","@graph":[{"@type":"WebPage","@id":"https:\/\/www.matematikazavsicki.com\/tr\/grafik-gecen-sure-zaman\/","url":"https:\/\/www.matematikazavsicki.com\/tr\/grafik-gecen-sure-zaman\/","name":"Grafik Ge\u00e7en S\u00fcre - Zaman","isPartOf":{"@id":"https:\/\/www.matematikazavsicki.com\/tr\/#website"},"primaryImageOfPage":{"@id":"https:\/\/www.matematikazavsicki.com\/tr\/grafik-gecen-sure-zaman\/#primaryimage"},"image":{"@id":"https:\/\/www.matematikazavsicki.com\/tr\/grafik-gecen-sure-zaman\/#primaryimage"},"thumbnailUrl":"https:\/\/www.matematikazavsicki.com\/tr\/wp-content\/uploads\/2023\/10\/Grafik-Gecen-Sure-Zaman.jpg","datePublished":"2023-10-01T21:56:15+00:00","dateModified":"2023-10-01T21:56:16+00:00","author":{"@id":"https:\/\/www.matematikazavsicki.com\/tr\/#\/schema\/person\/c0511828591bd00433a95b3155f1b471"},"breadcrumb":{"@id":"https:\/\/www.matematikazavsicki.com\/tr\/grafik-gecen-sure-zaman\/#breadcrumb"},"inLanguage":"en-US","potentialAction":[{"@type":"ReadAction","target":["https:\/\/www.matematikazavsicki.com\/tr\/grafik-gecen-sure-zaman\/"]}]},{"@type":"ImageObject","inLanguage":"en-US","@id":"https:\/\/www.matematikazavsicki.com\/tr\/grafik-gecen-sure-zaman\/#primaryimage","url":"https:\/\/www.matematikazavsicki.com\/tr\/wp-content\/uploads\/2023\/10\/Grafik-Gecen-Sure-Zaman.jpg","contentUrl":"https:\/\/www.matematikazavsicki.com\/tr\/wp-content\/uploads\/2023\/10\/Grafik-Gecen-Sure-Zaman.jpg","width":526,"height":315,"caption":"Grafik Ge\u00e7en S\u00fcre - Zaman"},{"@type":"BreadcrumbList","@id":"https:\/\/www.matematikazavsicki.com\/tr\/grafik-gecen-sure-zaman\/#breadcrumb","itemListElement":[{"@type":"ListItem","position":1,"name":"Home","item":"https:\/\/www.matematikazavsicki.com\/tr\/"},{"@type":"ListItem","position":2,"name":"Grafik Ge\u00e7en S\u00fcre &#8211; Zaman"}]},{"@type":"WebSite","@id":"https:\/\/www.matematikazavsicki.com\/tr\/#website","url":"https:\/\/www.matematikazavsicki.com\/tr\/","name":"Matematik","description":"","potentialAction":[{"@type":"SearchAction","target":{"@type":"EntryPoint","urlTemplate":"https:\/\/www.matematikazavsicki.com\/tr\/?s={search_term_string}"},"query-input":{"@type":"PropertyValueSpecification","valueRequired":true,"valueName":"search_term_string"}}],"inLanguage":"en-US"},{"@type":"Person","@id":"https:\/\/www.matematikazavsicki.com\/tr\/#\/schema\/person\/c0511828591bd00433a95b3155f1b471","name":"Blaze Angelov","image":{"@type":"ImageObject","inLanguage":"en-US","@id":"https:\/\/www.matematikazavsicki.com\/tr\/#\/schema\/person\/image\/","url":"https:\/\/secure.gravatar.com\/avatar\/1a6244e6f81fd50df6172cc11c7bafcdc0c79080dc8fbf4f2f195abd437af8d0?s=96&d=mm&r=g","contentUrl":"https:\/\/secure.gravatar.com\/avatar\/1a6244e6f81fd50df6172cc11c7bafcdc0c79080dc8fbf4f2f195abd437af8d0?s=96&d=mm&r=g","caption":"Blaze Angelov"},"sameAs":["http:\/\/matematikazavsicki.com\/tr"],"url":"https:\/\/www.matematikazavsicki.com\/tr\/author\/matematik\/"}]}},"_links":{"self":[{"href":"https:\/\/www.matematikazavsicki.com\/tr\/wp-json\/wp\/v2\/posts\/1100","targetHints":{"allow":["GET"]}}],"collection":[{"href":"https:\/\/www.matematikazavsicki.com\/tr\/wp-json\/wp\/v2\/posts"}],"about":[{"href":"https:\/\/www.matematikazavsicki.com\/tr\/wp-json\/wp\/v2\/types\/post"}],"author":[{"embeddable":true,"href":"https:\/\/www.matematikazavsicki.com\/tr\/wp-json\/wp\/v2\/users\/1"}],"replies":[{"embeddable":true,"href":"https:\/\/www.matematikazavsicki.com\/tr\/wp-json\/wp\/v2\/comments?post=1100"}],"version-history":[{"count":9,"href":"https:\/\/www.matematikazavsicki.com\/tr\/wp-json\/wp\/v2\/posts\/1100\/revisions"}],"predecessor-version":[{"id":1111,"href":"https:\/\/www.matematikazavsicki.com\/tr\/wp-json\/wp\/v2\/posts\/1100\/revisions\/1111"}],"wp:featuredmedia":[{"embeddable":true,"href":"https:\/\/www.matematikazavsicki.com\/tr\/wp-json\/wp\/v2\/media\/1107"}],"wp:attachment":[{"href":"https:\/\/www.matematikazavsicki.com\/tr\/wp-json\/wp\/v2\/media?parent=1100"}],"wp:term":[{"taxonomy":"category","embeddable":true,"href":"https:\/\/www.matematikazavsicki.com\/tr\/wp-json\/wp\/v2\/categories?post=1100"},{"taxonomy":"post_tag","embeddable":true,"href":"https:\/\/www.matematikazavsicki.com\/tr\/wp-json\/wp\/v2\/tags?post=1100"}],"curies":[{"name":"wp","href":"https:\/\/api.w.org\/{rel}","templated":true}]}}